{"id":186,"date":"2015-08-12T15:20:30","date_gmt":"2015-08-12T13:20:30","guid":{"rendered":"https:\/\/cgtcemp.fr\/?p=186"},"modified":"2020-02-05T17:19:45","modified_gmt":"2020-02-05T16:19:45","slug":"retraites-complementaires-quel-avenir","status":"publish","type":"post","link":"https:\/\/cgtcemp.fr\/index.php\/2015\/08\/12\/retraites-complementaires-quel-avenir\/","title":{"rendered":"RETRAITES COMPL\u00c9MENTAIRES : QUEL AVENIR ?"},"content":{"rendered":"<p>&nbsp;<\/p>\n<p>Les n\u00e9gociations en cours sur les r\u00e9gimes de retraite compl\u00e9mentaires des non cadres (ARRCO) et cadres (AGIRC) ont d\u00e9but\u00e9 le 17 f\u00e9vrier 2015 dans un climat de forte tension. Les cinq derniers rounds de n\u00e9gociation n\u2019ont rien donn\u00e9. La prochaine rencontre aura lieu le 16 Octobre.<\/p>\n<p>L\u2019ARRCO et l\u2019AGIRC sont deux institutions essentielles de notre syst\u00e8me de retraite. Elles connaissent un lourd probl\u00e8me de financement, aggrav\u00e9 depuis 2009 par la crise et par le refus patronal d\u2019augmenter le montant des ressources allou\u00e9es aux r\u00e9gimes.<\/p>\n<p>Ces deux r\u00e9gimes concernent l\u2019ensemble des salari\u00e9s du priv\u00e9, soit 18 millions de cotisants et 12 millions de retrait\u00e9s auxquels elles versent des pensions qui repr\u00e9sentent de 30 \u00e0 70% des revenus.<\/p>\n<p>C\u2019est dans ce contexte aigu que la Cour des comptes a r\u00e9cemment confort\u00e9 la position patronale en pr\u00e9conisant principalement de reculer l\u2019\u00e2ge d\u2019ouverture des droits.<\/p>\n<p>Le Medef, la CGPME et l\u2019UPA font depuis juin dernier de la surench\u00e8re, en envoyant aux organisations syndicales cette proposition radicale\u00a0: fusionner les deux r\u00e9gimes, limiter les pensions de r\u00e9version, et surtout pousser le plus grand nombre \u00e0 partir \u00e0 la retraite \u00e0 67 ans, avec de s\u00e9rieux\u00a0abattements d\u00e9gressifs (30 \u00e0 10%) pour ceux qui s\u2019aviseraient de partir avant.<\/p>\n<p>Pour le patronat, il n\u2019est pas question de r\u00e9pondre favorablement \u00e0 la demande unanime des organisations syndicales d\u2019augmenter la cotisation patronale.<\/p>\n<p>La CGT, pr\u00e9sente \u00e0 la table des n\u00e9gociations, innove en imaginant une cotisation patronale modul\u00e9e en fonction des r\u00e9sultats en mati\u00e8re d\u2019\u00e9galit\u00e9 salariale.<\/p>\n<p>Cette modulation aurait le m\u00e9rite de r\u00e9cup\u00e9rer des ressources suppl\u00e9mentaires dans les caisses des compl\u00e9mentaires et d\u2019inciter les employeurs \u00e0 r\u00e9gulariser les \u00e9carts de salaire homme-femme. Elle s\u2019appuie sur une \u00e9tude r\u00e9alis\u00e9e pour le r\u00e9gime g\u00e9n\u00e9ral montrant que la r\u00e9sorption des 27\u00a0% de diff\u00e9rence moyenne entre les salaires des femmes et ceux des hommes entra\u00eenerait une augmentation tr\u00e8s importante des ressources.<\/p>\n<p>La CGT propose \u00e9galement d\u2019\u00e9largir l\u2019assiette des cotisations \u00e0 tous les revenus.<\/p>\n<p>Le r\u00e9sultat de ces n\u00e9gociations est donc tr\u00e8s attendu.<\/p>\n\n<div class=\"twitter-share\"><a href=\"https:\/\/twitter.com\/intent\/tweet?via=cempcgt\" class=\"twitter-share-button\">Tweet<\/a><\/div>\n","protected":false},"excerpt":{"rendered":"&nbsp; Les n\u00e9gociations en cours sur les r\u00e9gimes de retraite compl\u00e9mentaires des non cadres (ARRCO) et cadres (AGIRC) ont d\u00e9but\u00e9 le 17 f\u00e9vrier 2015 dans un climat de forte tension. Les cinq derniers rounds de n\u00e9gociation n\u2019ont rien donn\u00e9. La prochaine rencontre aura lieu le 16 Octobre. L\u2019ARRCO et l\u2019AGIRC sont deux institutions essentielles de notre syst\u00e8me de retraite. Elles connaissent un lourd probl\u00e8me de financement, aggrav\u00e9 depuis 2009 par la crise et par le refus patronal d\u2019augmenter le montant des ressources allou\u00e9es aux r\u00e9gimes. Ces deux r\u00e9gimes concernent l\u2019ensemble des salari\u00e9s du priv\u00e9, soit 18 millions de cotisants et 12 millions de retrait\u00e9s auxquels elles versent des pensions qui repr\u00e9sentent de 30 \u00e0 70% des revenus. C\u2019est dans ce ","protected":false},"author":6,"featured_media":0,"comment_status":"open","ping_status":"open","sticky":false,"template":"","format":"standard","meta":{"_seopress_robots_primary_cat":""},"categories":[1],"tags":[],"yoast_head":"<!-- This site is optimized with the Yoast SEO plugin v20.7 - https:\/\/yoast.com\/wordpress\/plugins\/seo\/ -->\n<title>RETRAITES COMPL\u00c9MENTAIRES : QUEL AVENIR ? &ndash; UGICT-CGT CEMP<\/title>\n<meta name=\"robots\" content=\"index, follow, max-snippet:-1, max-image-preview:large, max-video-preview:-1\" \/>\n<link rel=\"canonical\" href=\"https:\/\/cgtcemp.fr\/index.php\/2015\/08\/12\/retraites-complementaires-quel-avenir\/\" \/>\n<meta property=\"og:locale\" content=\"fr_FR\" \/>\n<meta property=\"og:type\" content=\"article\" \/>\n<meta property=\"og:title\" content=\"RETRAITES COMPL\u00c9MENTAIRES : QUEL AVENIR ? &ndash; UGICT-CGT CEMP\" \/>\n<meta property=\"og:description\" content=\"&nbsp; Les n\u00e9gociations en cours sur les r\u00e9gimes de retraite compl\u00e9mentaires des non cadres (ARRCO) et cadres (AGIRC) ont d\u00e9but\u00e9 le 17 f\u00e9vrier 2015 dans un climat de forte tension. Les cinq derniers rounds de n\u00e9gociation n\u2019ont rien donn\u00e9. La prochaine rencontre aura lieu le 16 Octobre. L\u2019ARRCO et l\u2019AGIRC sont deux institutions essentielles de notre syst\u00e8me de retraite. Elles connaissent un lourd probl\u00e8me de financement, aggrav\u00e9 depuis 2009 par la crise et par le refus patronal d\u2019augmenter le montant des ressources allou\u00e9es aux r\u00e9gimes. Ces deux r\u00e9gimes concernent l\u2019ensemble des salari\u00e9s du priv\u00e9, soit 18 millions de cotisants et 12 millions de retrait\u00e9s auxquels elles versent des pensions qui repr\u00e9sentent de 30 \u00e0 70% des revenus. C\u2019est dans ce\" \/>\n<meta property=\"og:url\" content=\"https:\/\/cgtcemp.fr\/index.php\/2015\/08\/12\/retraites-complementaires-quel-avenir\/\" \/>\n<meta property=\"og:site_name\" content=\"UGICT-CGT CEMP\" \/>\n<meta property=\"article:publisher\" content=\"https:\/\/www.facebook.com\/cgt.cemp\/?ref=aymt_homepage_panel&amp;amp%3bamp%3bamp%3bamp%3bamp%3bamp%3bamp%3bamp%3bamp%3bamp%3bamp%3bamp%3bamp%3bamp%3bamp%3bamp%3bamp%3bamp%3bamp%3bamp%3bamp%3bamp%3bamp%3bamp%3bamp%3beid=ARBQr8XhOjp5Tq4trUkGP2Pa21bM89bHimJF7lyAgDrZ4-IMs61LsmU6wm7cAVLt_A6L-b9moydbo1xu\" \/>\n<meta property=\"article:published_time\" content=\"2015-08-12T13:20:30+00:00\" \/>\n<meta property=\"article:modified_time\" content=\"2020-02-05T16:19:45+00:00\" \/>\n<meta name=\"author\" content=\"Pierre-Tanguy\" \/>\n<meta name=\"twitter:card\" content=\"summary_large_image\" \/>\n<meta name=\"twitter:creator\" content=\"@CGTCEMP\" \/>\n<meta name=\"twitter:site\" content=\"@CGTCEMP\" \/>\n<meta name=\"twitter:label1\" content=\"\u00c9crit par\" \/>\n\t<meta name=\"twitter:data1\" content=\"Pierre-Tanguy\" \/>\n\t<meta name=\"twitter:label2\" content=\"Dur\u00e9e de lecture estim\u00e9e\" \/>\n\t<meta name=\"twitter:data2\" content=\"2 minutes\" \/>\n<script type=\"application\/ld+json\" class=\"yoast-schema-graph\">{\"@context\":\"https:\/\/schema.org\",\"@graph\":[{\"@type\":\"Article\",\"@id\":\"https:\/\/cgtcemp.fr\/index.php\/2015\/08\/12\/retraites-complementaires-quel-avenir\/#article\",\"isPartOf\":{\"@id\":\"https:\/\/cgtcemp.fr\/index.php\/2015\/08\/12\/retraites-complementaires-quel-avenir\/\"},\"author\":{\"name\":\"Pierre-Tanguy\",\"@id\":\"https:\/\/cgtcemp.fr\/#\/schema\/person\/22b456dee38589646cc35a978b7966c4\"},\"headline\":\"RETRAITES COMPL\u00c9MENTAIRES : QUEL AVENIR ?\",\"datePublished\":\"2015-08-12T13:20:30+00:00\",\"dateModified\":\"2020-02-05T16:19:45+00:00\",\"mainEntityOfPage\":{\"@id\":\"https:\/\/cgtcemp.fr\/index.php\/2015\/08\/12\/retraites-complementaires-quel-avenir\/\"},\"wordCount\":374,\"commentCount\":0,\"publisher\":{\"@id\":\"https:\/\/cgtcemp.fr\/#organization\"},\"inLanguage\":\"fr-FR\",\"potentialAction\":[{\"@type\":\"CommentAction\",\"name\":\"Comment\",\"target\":[\"https:\/\/cgtcemp.fr\/index.php\/2015\/08\/12\/retraites-complementaires-quel-avenir\/#respond\"]}]},{\"@type\":\"WebPage\",\"@id\":\"https:\/\/cgtcemp.fr\/index.php\/2015\/08\/12\/retraites-complementaires-quel-avenir\/\",\"url\":\"https:\/\/cgtcemp.fr\/index.php\/2015\/08\/12\/retraites-complementaires-quel-avenir\/\",\"name\":\"RETRAITES COMPL\u00c9MENTAIRES : QUEL AVENIR ? &ndash; UGICT-CGT CEMP\",\"isPartOf\":{\"@id\":\"https:\/\/cgtcemp.fr\/#website\"},\"datePublished\":\"2015-08-12T13:20:30+00:00\",\"dateModified\":\"2020-02-05T16:19:45+00:00\",\"breadcrumb\":{\"@id\":\"https:\/\/cgtcemp.fr\/index.php\/2015\/08\/12\/retraites-complementaires-quel-avenir\/#breadcrumb\"},\"inLanguage\":\"fr-FR\",\"potentialAction\":[{\"@type\":\"ReadAction\",\"target\":[\"https:\/\/cgtcemp.fr\/index.php\/2015\/08\/12\/retraites-complementaires-quel-avenir\/\"]}]},{\"@type\":\"BreadcrumbList\",\"@id\":\"https:\/\/cgtcemp.fr\/index.php\/2015\/08\/12\/retraites-complementaires-quel-avenir\/#breadcrumb\",\"itemListElement\":[{\"@type\":\"ListItem\",\"position\":1,\"name\":\"Accueil\",\"item\":\"https:\/\/cgtcemp.fr\/\"},{\"@type\":\"ListItem\",\"position\":2,\"name\":\"RETRAITES COMPL\u00c9MENTAIRES : QUEL AVENIR ?\"}]},{\"@type\":\"WebSite\",\"@id\":\"https:\/\/cgtcemp.fr\/#website\",\"url\":\"https:\/\/cgtcemp.fr\/\",\"name\":\"UGICT-CGT CEMP\",\"description\":\"Syndicat Cadres et Techniciens de la Caisse d&#039;Epargne Midi-Pyr\u00e9n\u00e9es\",\"publisher\":{\"@id\":\"https:\/\/cgtcemp.fr\/#organization\"},\"potentialAction\":[{\"@type\":\"SearchAction\",\"target\":{\"@type\":\"EntryPoint\",\"urlTemplate\":\"https:\/\/cgtcemp.fr\/?s={search_term_string}\"},\"query-input\":\"required name=search_term_string\"}],\"inLanguage\":\"fr-FR\"},{\"@type\":\"Organization\",\"@id\":\"https:\/\/cgtcemp.fr\/#organization\",\"name\":\"CGTCEMP\",\"url\":\"https:\/\/cgtcemp.fr\/\",\"logo\":{\"@type\":\"ImageObject\",\"inLanguage\":\"fr-FR\",\"@id\":\"https:\/\/cgtcemp.fr\/#\/schema\/logo\/image\/\",\"url\":\"https:\/\/cgtcemp.fr\/wp-content\/uploads\/2019\/05\/unnamed.png\",\"contentUrl\":\"https:\/\/cgtcemp.fr\/wp-content\/uploads\/2019\/05\/unnamed.png\",\"width\":237,\"height\":162,\"caption\":\"CGTCEMP\"},\"image\":{\"@id\":\"https:\/\/cgtcemp.fr\/#\/schema\/logo\/image\/\"},\"sameAs\":[\"https:\/\/www.facebook.com\/cgt.cemp\/?ref=aymt_homepage_panel&amp;amp;amp;amp;amp;amp;amp;amp;amp;amp;amp;amp;amp;amp;amp;amp;amp;amp;amp;amp;amp;amp;amp;amp;amp;eid=ARBQr8XhOjp5Tq4trUkGP2Pa21bM89bHimJF7lyAgDrZ4-IMs61LsmU6wm7cAVLt_A6L-b9moydbo1xu\",\"https:\/\/twitter.com\/CGTCEMP\"]},{\"@type\":\"Person\",\"@id\":\"https:\/\/cgtcemp.fr\/#\/schema\/person\/22b456dee38589646cc35a978b7966c4\",\"name\":\"Pierre-Tanguy\",\"image\":{\"@type\":\"ImageObject\",\"inLanguage\":\"fr-FR\",\"@id\":\"https:\/\/cgtcemp.fr\/#\/schema\/person\/image\/\",\"url\":\"https:\/\/secure.gravatar.com\/avatar\/0b7330e81a50d08f024583b3fa7045d1?s=96&r=g\",\"contentUrl\":\"https:\/\/secure.gravatar.com\/avatar\/0b7330e81a50d08f024583b3fa7045d1?s=96&r=g\",\"caption\":\"Pierre-Tanguy\"}}]}<\/script>\n<!-- \/ Yoast SEO plugin. -->","yoast_head_json":{"title":"RETRAITES COMPL\u00c9MENTAIRES : QUEL AVENIR ? &ndash; UGICT-CGT CEMP","robots":{"index":"index","follow":"follow","max-snippet":"max-snippet:-1","max-image-preview":"max-image-preview:large","max-video-preview":"max-video-preview:-1"},"canonical":"https:\/\/cgtcemp.fr\/index.php\/2015\/08\/12\/retraites-complementaires-quel-avenir\/","og_locale":"fr_FR","og_type":"article","og_title":"RETRAITES COMPL\u00c9MENTAIRES : QUEL AVENIR ? &ndash; UGICT-CGT CEMP","og_description":"&nbsp; Les n\u00e9gociations en cours sur les r\u00e9gimes de retraite compl\u00e9mentaires des non cadres (ARRCO) et cadres (AGIRC) ont d\u00e9but\u00e9 le 17 f\u00e9vrier 2015 dans un climat de forte tension. Les cinq derniers rounds de n\u00e9gociation n\u2019ont rien donn\u00e9. La prochaine rencontre aura lieu le 16 Octobre. L\u2019ARRCO et l\u2019AGIRC sont deux institutions essentielles de notre syst\u00e8me de retraite. Elles connaissent un lourd probl\u00e8me de financement, aggrav\u00e9 depuis 2009 par la crise et par le refus patronal d\u2019augmenter le montant des ressources allou\u00e9es aux r\u00e9gimes. Ces deux r\u00e9gimes concernent l\u2019ensemble des salari\u00e9s du priv\u00e9, soit 18 millions de cotisants et 12 millions de retrait\u00e9s auxquels elles versent des pensions qui repr\u00e9sentent de 30 \u00e0 70% des revenus. C\u2019est dans ce","og_url":"https:\/\/cgtcemp.fr\/index.php\/2015\/08\/12\/retraites-complementaires-quel-avenir\/","og_site_name":"UGICT-CGT CEMP","article_publisher":"https:\/\/www.facebook.com\/cgt.cemp\/?ref=aymt_homepage_panel&amp%3bamp%3bamp%3bamp%3bamp%3bamp%3bamp%3bamp%3bamp%3bamp%3bamp%3bamp%3bamp%3bamp%3bamp%3bamp%3bamp%3bamp%3bamp%3bamp%3bamp%3bamp%3bamp%3bamp%3bamp%3beid=ARBQr8XhOjp5Tq4trUkGP2Pa21bM89bHimJF7lyAgDrZ4-IMs61LsmU6wm7cAVLt_A6L-b9moydbo1xu","article_published_time":"2015-08-12T13:20:30+00:00","article_modified_time":"2020-02-05T16:19:45+00:00","author":"Pierre-Tanguy","twitter_card":"summary_large_image","twitter_creator":"@CGTCEMP","twitter_site":"@CGTCEMP","twitter_misc":{"\u00c9crit par":"Pierre-Tanguy","Dur\u00e9e de lecture estim\u00e9e":"2 minutes"},"schema":{"@context":"https:\/\/schema.org","@graph":[{"@type":"Article","@id":"https:\/\/cgtcemp.fr\/index.php\/2015\/08\/12\/retraites-complementaires-quel-avenir\/#article","isPartOf":{"@id":"https:\/\/cgtcemp.fr\/index.php\/2015\/08\/12\/retraites-complementaires-quel-avenir\/"},"author":{"name":"Pierre-Tanguy","@id":"https:\/\/cgtcemp.fr\/#\/schema\/person\/22b456dee38589646cc35a978b7966c4"},"headline":"RETRAITES COMPL\u00c9MENTAIRES : QUEL AVENIR ?","datePublished":"2015-08-12T13:20:30+00:00","dateModified":"2020-02-05T16:19:45+00:00","mainEntityOfPage":{"@id":"https:\/\/cgtcemp.fr\/index.php\/2015\/08\/12\/retraites-complementaires-quel-avenir\/"},"wordCount":374,"commentCount":0,"publisher":{"@id":"https:\/\/cgtcemp.fr\/#organization"},"inLanguage":"fr-FR","potentialAction":[{"@type":"CommentAction","name":"Comment","target":["https:\/\/cgtcemp.fr\/index.php\/2015\/08\/12\/retraites-complementaires-quel-avenir\/#respond"]}]},{"@type":"WebPage","@id":"https:\/\/cgtcemp.fr\/index.php\/2015\/08\/12\/retraites-complementaires-quel-avenir\/","url":"https:\/\/cgtcemp.fr\/index.php\/2015\/08\/12\/retraites-complementaires-quel-avenir\/","name":"RETRAITES COMPL\u00c9MENTAIRES : QUEL AVENIR ? &ndash; UGICT-CGT CEMP","isPartOf":{"@id":"https:\/\/cgtcemp.fr\/#website"},"datePublished":"2015-08-12T13:20:30+00:00","dateModified":"2020-02-05T16:19:45+00:00","breadcrumb":{"@id":"https:\/\/cgtcemp.fr\/index.php\/2015\/08\/12\/retraites-complementaires-quel-avenir\/#breadcrumb"},"inLanguage":"fr-FR","potentialAction":[{"@type":"ReadAction","target":["https:\/\/cgtcemp.fr\/index.php\/2015\/08\/12\/retraites-complementaires-quel-avenir\/"]}]},{"@type":"BreadcrumbList","@id":"https:\/\/cgtcemp.fr\/index.php\/2015\/08\/12\/retraites-complementaires-quel-avenir\/#breadcrumb","itemListElement":[{"@type":"ListItem","position":1,"name":"Accueil","item":"https:\/\/cgtcemp.fr\/"},{"@type":"ListItem","position":2,"name":"RETRAITES COMPL\u00c9MENTAIRES : QUEL AVENIR ?"}]},{"@type":"WebSite","@id":"https:\/\/cgtcemp.fr\/#website","url":"https:\/\/cgtcemp.fr\/","name":"UGICT-CGT CEMP","description":"Syndicat Cadres et Techniciens de la Caisse d&#039;Epargne Midi-Pyr\u00e9n\u00e9es","publisher":{"@id":"https:\/\/cgtcemp.fr\/#organization"},"potentialAction":[{"@type":"SearchAction","target":{"@type":"EntryPoint","urlTemplate":"https:\/\/cgtcemp.fr\/?s={search_term_string}"},"query-input":"required name=search_term_string"}],"inLanguage":"fr-FR"},{"@type":"Organization","@id":"https:\/\/cgtcemp.fr\/#organization","name":"CGTCEMP","url":"https:\/\/cgtcemp.fr\/","logo":{"@type":"ImageObject","inLanguage":"fr-FR","@id":"https:\/\/cgtcemp.fr\/#\/schema\/logo\/image\/","url":"https:\/\/cgtcemp.fr\/wp-content\/uploads\/2019\/05\/unnamed.png","contentUrl":"https:\/\/cgtcemp.fr\/wp-content\/uploads\/2019\/05\/unnamed.png","width":237,"height":162,"caption":"CGTCEMP"},"image":{"@id":"https:\/\/cgtcemp.fr\/#\/schema\/logo\/image\/"},"sameAs":["https:\/\/www.facebook.com\/cgt.cemp\/?ref=aymt_homepage_panel&amp;amp;amp;amp;amp;amp;amp;amp;amp;amp;amp;amp;amp;amp;amp;amp;amp;amp;amp;amp;amp;amp;amp;amp;amp;eid=ARBQr8XhOjp5Tq4trUkGP2Pa21bM89bHimJF7lyAgDrZ4-IMs61LsmU6wm7cAVLt_A6L-b9moydbo1xu","https:\/\/twitter.com\/CGTCEMP"]},{"@type":"Person","@id":"https:\/\/cgtcemp.fr\/#\/schema\/person\/22b456dee38589646cc35a978b7966c4","name":"Pierre-Tanguy","image":{"@type":"ImageObject","inLanguage":"fr-FR","@id":"https:\/\/cgtcemp.fr\/#\/schema\/person\/image\/","url":"https:\/\/secure.gravatar.com\/avatar\/0b7330e81a50d08f024583b3fa7045d1?s=96&r=g","contentUrl":"https:\/\/secure.gravatar.com\/avatar\/0b7330e81a50d08f024583b3fa7045d1?s=96&r=g","caption":"Pierre-Tanguy"}}]}},"_links":{"self":[{"href":"https:\/\/cgtcemp.fr\/index.php\/wp-json\/wp\/v2\/posts\/186"}],"collection":[{"href":"https:\/\/cgtcemp.fr\/index.php\/wp-json\/wp\/v2\/posts"}],"about":[{"href":"https:\/\/cgtcemp.fr\/index.php\/wp-json\/wp\/v2\/types\/post"}],"author":[{"embeddable":true,"href":"https:\/\/cgtcemp.fr\/index.php\/wp-json\/wp\/v2\/users\/6"}],"replies":[{"embeddable":true,"href":"https:\/\/cgtcemp.fr\/index.php\/wp-json\/wp\/v2\/comments?post=186"}],"version-history":[{"count":2,"href":"https:\/\/cgtcemp.fr\/index.php\/wp-json\/wp\/v2\/posts\/186\/revisions"}],"predecessor-version":[{"id":1189,"href":"https:\/\/cgtcemp.fr\/index.php\/wp-json\/wp\/v2\/posts\/186\/revisions\/1189"}],"wp:attachment":[{"href":"https:\/\/cgtcemp.fr\/index.php\/wp-json\/wp\/v2\/media?parent=186"}],"wp:term":[{"taxonomy":"category","embeddable":true,"href":"https:\/\/cgtcemp.fr\/index.php\/wp-json\/wp\/v2\/categories?post=186"},{"taxonomy":"post_tag","embeddable":true,"href":"https:\/\/cgtcemp.fr\/index.php\/wp-json\/wp\/v2\/tags?post=186"}],"curies":[{"name":"wp","href":"https:\/\/api.w.org\/{rel}","templated":true}]}}