{"id":625,"date":"2017-06-26T10:51:53","date_gmt":"2017-06-26T08:51:53","guid":{"rendered":"https:\/\/cgtcemp.fr\/?p=625"},"modified":"2017-06-27T18:35:35","modified_gmt":"2017-06-27T16:35:35","slug":"cemp-tout-va-bien-mais-on-ferme","status":"publish","type":"post","link":"https:\/\/cgtcemp.fr\/index.php\/2017\/06\/26\/cemp-tout-va-bien-mais-on-ferme\/","title":{"rendered":"CEMP : Tout va bien&#8230;mais on ferme !"},"content":{"rendered":"<p><strong><img decoding=\"async\" loading=\"lazy\" class=\"aligncenter wp-image-627\" src=\"https:\/\/cgtcemp.fr\/wp-content\/uploads\/2017\/06\/burn-out.gif\" alt=\"\" width=\"413\" height=\"394\" \/><\/strong><\/p>\n<p><strong>En Juin 2016, la Direction CEMP annon\u00e7ait des temps difficiles pour la CEMP avec des pertes de \u00ab\u00a0revenus\u00a0\u00bb qui pourraient atteindre pour les 5 ans \u00e0 venir 40 \u00e0 50 M\u20ac. Elle pr\u00e9sente, en Novembre 2016, au comit\u00e9 le projet trajectoire 2020 qui pr\u00e9voit 35 fermetures d\u2019agences (apr\u00e8s les 20 d\u00e9j\u00e0 ferm\u00e9es pr\u00e9c\u00e9demment) et 120 ETP de moins sur le cycle 2018-2020.<\/strong><\/p>\n<p><strong>Lors du dernier comit\u00e9 d\u2019entreprise, l\u2019expert \u00e9conomique du comit\u00e9 pr\u00e9sentait les comptes 2016 de la CEMP et le budget pr\u00e9visionnel 2017. Tout va tr\u00e8s bien\u00a0!<\/strong><\/p>\n<p><strong>Mais alors \u2026pourquoi fermer des agences et r\u00e9duire les ETP ?\u00a0 Pourquoi faire ?<\/strong><\/p>\n<p><strong>\u00a0<\/strong><\/p>\n<h2><span style=\"color: #ff0000;\"><strong>Constat de l\u2019expert au compte\u00a0: Tout va pour le mieux\u00a0!<\/strong><\/span><\/h2>\n<p>Les r\u00e9sultats de la CEMP 2016 sont excellents, les ratios prudentiels parmi les meilleurs du groupe BPCE (voir tableau ci-dessous).<\/p>\n<p>Le budget pr\u00e9visionnel 2017 de la CEMP table sur un PNB de 371 M\u20ac d\u2019un niveau \u00e9quivalent \u00e0 celui de 2016 (374M\u20ac) et conforme aux ann\u00e9es pr\u00e9c\u00e9dentes.<\/p>\n<p>Le r\u00e9sultat net 2017 (76.8 M\u20ac) serait sup\u00e9rieur \u00e0 celui de 2016 (73.1 M\u20ac <strong>*).<\/strong><\/p>\n<p><strong>*Sans des provisions pour litiges importantes (licenciement, mobilit\u00e9, autres) ce r\u00e9sultat d\u00e9passerait les 80 M\u20ac\u00a0!<\/strong><\/p>\n<p>&nbsp;<\/p>\n<table>\n<tbody>\n<tr>\n<td colspan=\"5\" width=\"614\">\n<h2><strong>R\u00e9sultats CEMP sur 4 ans<\/strong><\/h2>\n<\/td>\n<\/tr>\n<tr>\n<td width=\"123\">Evolution<\/td>\n<td width=\"123\">\n<p style=\"text-align: center;\">2014<\/p>\n<\/td>\n<td style=\"text-align: center;\" width=\"123\">2015<\/td>\n<td style=\"text-align: center;\" width=\"123\">2016<\/td>\n<td style=\"text-align: center;\" width=\"123\">2017<\/td>\n<\/tr>\n<tr>\n<td width=\"123\">PNB<\/td>\n<td width=\"123\">\n<p style=\"text-align: center;\">373 M\u20ac<\/p>\n<\/td>\n<td style=\"text-align: center;\" width=\"123\">378 M\u20ac<\/td>\n<td style=\"text-align: center;\" width=\"123\">374 M\u20ac<\/td>\n<td width=\"123\">\n<p style=\"text-align: center;\">370 M\u20ac<\/p>\n<\/td>\n<\/tr>\n<tr>\n<td width=\"123\">R\u00e9sultat net<\/td>\n<td width=\"123\">\n<p style=\"text-align: center;\">74 M\u20ac<\/p>\n<\/td>\n<td style=\"text-align: center;\" width=\"123\">76 M\u20ac<\/td>\n<td style=\"text-align: center;\" width=\"123\">73 M\u20ac<strong>*<\/strong><\/td>\n<td width=\"123\">\n<p style=\"text-align: center;\">79 M\u20ac<\/p>\n<\/td>\n<\/tr>\n<\/tbody>\n<\/table>\n<p><strong>\u00a0<\/strong><\/p>\n<h2><span style=\"color: #ff0000;\"><strong>R\u00e9duction des agences et des effectifs\u00a0: o\u00f9 va la CEMP\u00a0?<\/strong><\/span><\/h2>\n<p>Sur la d\u00e9cennie 2010-2020, la CEMP aura ferm\u00e9 30% de son parc d\u2019agences et supprim\u00e9 plus de 150 emplois (9% de l\u2019effectif).<\/p>\n<p>Les dossiers pr\u00e9sent\u00e9s au fil de l\u2019eau ne nous apportent aucune vision strat\u00e9gique globale.<\/p>\n<ul>\n<li>Pourquoi la CEMP fait le choix de r\u00e9duire son maillage territorial et d\u2019abandonner une client\u00e8le rurale quand on sait que la relation humaine reste la cl\u00e9 de voute du contact client\u00a0?<\/li>\n<li>Combien de clients feront le choix de rester demain en CEMP\u00a0?<\/li>\n<li>Pourquoi la CEMP \u2013 qui supprime 120 ETP d\u2019ici 2020 &#8211; n\u2019aurait pu faire le choix de garder son effectif afin de d\u00e9velopper certains secteurs de croissance\u00a0?<\/li>\n<li>Quelle est l\u2019incidence de la perte de PNB li\u00e9e \u00e0 la fermeture d\u2019agences et \u00e0 la r\u00e9duction d\u2019effectif sur le long terme\u00a0?<\/li>\n<\/ul>\n<h2><\/h2>\n<p>&nbsp;<\/p>\n<h2><\/h2>\n<h2><span style=\"color: #ff0000;\"><strong>Et si la saign\u00e9e amplifiait le mal\u00a0?<\/strong><\/span><\/h2>\n<p>L\u2019UGICT- CGT est tr\u00e8s inqui\u00e8te sur la conduite du changement op\u00e9r\u00e9e par la CEMP.<\/p>\n<p>Nous avertissons r\u00e9guli\u00e8rement la Direction sur l\u2019explosion de votre charge de travail, les r\u00e9currents probl\u00e8mes d\u2019effectifs et votre \u00e9tat de fatigue que vous soyez <strong>technicien ou manager.<\/strong><\/p>\n<p>\u00ab\u00a0Le monde bouge, la banque d\u2019aujourd\u2019hui ne sera pas celle de demain\u00a0\u00bb. dixit la Direction\u00a0!<\/p>\n<p>&nbsp;<\/p>\n<p><strong>Les salari\u00e9s CEMP &#8211; quelque-soit leur m\u00e9tier &#8211; souffrent de leur charge de travail qui se d\u00e9grade.<\/strong><\/p>\n<ul>\n<li><strong>\u00a0 Peuvent-ils continuer ainsi\u00a0?<\/strong><\/li>\n<li><strong>\u00a0 Quelles perspectives de\u00a0 carri\u00e8re pour eux demain ?<\/strong><\/li>\n<\/ul>\n\n<div class=\"twitter-share\"><a href=\"https:\/\/twitter.com\/intent\/tweet?via=cempcgt\" class=\"twitter-share-button\">Tweet<\/a><\/div>\n","protected":false},"excerpt":{"rendered":"En Juin 2016, la Direction CEMP annon\u00e7ait des temps difficiles pour la CEMP avec des pertes de \u00ab\u00a0revenus\u00a0\u00bb qui pourraient atteindre pour les 5 ans \u00e0 venir 40 \u00e0 50 M\u20ac. Elle pr\u00e9sente, en Novembre 2016, au comit\u00e9 le projet trajectoire 2020 qui pr\u00e9voit 35 fermetures d\u2019agences (apr\u00e8s les 20 d\u00e9j\u00e0 ferm\u00e9es pr\u00e9c\u00e9demment) et 120 ETP de moins sur le cycle 2018-2020. Lors du dernier comit\u00e9 d\u2019entreprise, l\u2019expert \u00e9conomique du comit\u00e9 pr\u00e9sentait les comptes 2016 de la CEMP et le budget pr\u00e9visionnel 2017. Tout va tr\u00e8s bien\u00a0! Mais alors \u2026pourquoi fermer des agences et r\u00e9duire les ETP ?\u00a0 Pourquoi faire ? \u00a0 Constat de l\u2019expert au compte\u00a0: Tout va pour le mieux\u00a0! Les r\u00e9sultats de la CEMP 2016 sont excellents, ","protected":false},"author":6,"featured_media":627,"comment_status":"open","ping_status":"open","sticky":false,"template":"","format":"standard","meta":{"_seopress_robots_primary_cat":""},"categories":[1],"tags":[],"yoast_head":"<!-- This site is optimized with the Yoast SEO plugin v20.7 - https:\/\/yoast.com\/wordpress\/plugins\/seo\/ -->\n<title>CEMP : Tout va bien...mais on ferme ! &ndash; UGICT-CGT CEMP<\/title>\n<meta name=\"robots\" content=\"index, follow, max-snippet:-1, max-image-preview:large, max-video-preview:-1\" \/>\n<link rel=\"canonical\" href=\"https:\/\/cgtcemp.fr\/index.php\/2017\/06\/26\/cemp-tout-va-bien-mais-on-ferme\/\" \/>\n<meta property=\"og:locale\" content=\"fr_FR\" \/>\n<meta property=\"og:type\" content=\"article\" \/>\n<meta property=\"og:title\" content=\"CEMP : Tout va bien...mais on ferme ! &ndash; UGICT-CGT CEMP\" \/>\n<meta property=\"og:description\" content=\"En Juin 2016, la Direction CEMP annon\u00e7ait des temps difficiles pour la CEMP avec des pertes de \u00ab\u00a0revenus\u00a0\u00bb qui pourraient atteindre pour les 5 ans \u00e0 venir 40 \u00e0 50 M\u20ac. Elle pr\u00e9sente, en Novembre 2016, au comit\u00e9 le projet trajectoire 2020 qui pr\u00e9voit 35 fermetures d\u2019agences (apr\u00e8s les 20 d\u00e9j\u00e0 ferm\u00e9es pr\u00e9c\u00e9demment) et 120 ETP de moins sur le cycle 2018-2020. Lors du dernier comit\u00e9 d\u2019entreprise, l\u2019expert \u00e9conomique du comit\u00e9 pr\u00e9sentait les comptes 2016 de la CEMP et le budget pr\u00e9visionnel 2017. Tout va tr\u00e8s bien\u00a0! Mais alors \u2026pourquoi fermer des agences et r\u00e9duire les ETP ?\u00a0 Pourquoi faire ? \u00a0 Constat de l\u2019expert au compte\u00a0: Tout va pour le mieux\u00a0! Les r\u00e9sultats de la CEMP 2016 sont excellents,\" \/>\n<meta property=\"og:url\" content=\"https:\/\/cgtcemp.fr\/index.php\/2017\/06\/26\/cemp-tout-va-bien-mais-on-ferme\/\" \/>\n<meta property=\"og:site_name\" content=\"UGICT-CGT CEMP\" \/>\n<meta property=\"article:publisher\" content=\"https:\/\/www.facebook.com\/cgt.cemp\/?ref=aymt_homepage_panel&amp;amp%3bamp%3bamp%3bamp%3bamp%3bamp%3bamp%3bamp%3bamp%3bamp%3bamp%3bamp%3bamp%3bamp%3bamp%3bamp%3bamp%3bamp%3bamp%3bamp%3bamp%3bamp%3bamp%3bamp%3bamp%3beid=ARBQr8XhOjp5Tq4trUkGP2Pa21bM89bHimJF7lyAgDrZ4-IMs61LsmU6wm7cAVLt_A6L-b9moydbo1xu\" \/>\n<meta property=\"article:published_time\" content=\"2017-06-26T08:51:53+00:00\" \/>\n<meta property=\"article:modified_time\" content=\"2017-06-27T16:35:35+00:00\" \/>\n<meta property=\"og:image\" content=\"https:\/\/cgtcemp.fr\/wp-content\/uploads\/2017\/06\/burn-out.gif\" \/>\n\t<meta property=\"og:image:width\" content=\"300\" \/>\n\t<meta property=\"og:image:height\" content=\"286\" \/>\n\t<meta property=\"og:image:type\" content=\"image\/gif\" \/>\n<meta name=\"author\" content=\"Pierre-Tanguy\" \/>\n<meta name=\"twitter:card\" content=\"summary_large_image\" \/>\n<meta name=\"twitter:creator\" content=\"@CGTCEMP\" \/>\n<meta name=\"twitter:site\" content=\"@CGTCEMP\" \/>\n<meta name=\"twitter:label1\" content=\"\u00c9crit par\" \/>\n\t<meta name=\"twitter:data1\" content=\"Pierre-Tanguy\" \/>\n\t<meta name=\"twitter:label2\" content=\"Dur\u00e9e de lecture estim\u00e9e\" \/>\n\t<meta name=\"twitter:data2\" content=\"2 minutes\" \/>\n<script type=\"application\/ld+json\" class=\"yoast-schema-graph\">{\"@context\":\"https:\/\/schema.org\",\"@graph\":[{\"@type\":\"Article\",\"@id\":\"https:\/\/cgtcemp.fr\/index.php\/2017\/06\/26\/cemp-tout-va-bien-mais-on-ferme\/#article\",\"isPartOf\":{\"@id\":\"https:\/\/cgtcemp.fr\/index.php\/2017\/06\/26\/cemp-tout-va-bien-mais-on-ferme\/\"},\"author\":{\"name\":\"Pierre-Tanguy\",\"@id\":\"https:\/\/cgtcemp.fr\/#\/schema\/person\/22b456dee38589646cc35a978b7966c4\"},\"headline\":\"CEMP : Tout va bien&#8230;mais on ferme !\",\"datePublished\":\"2017-06-26T08:51:53+00:00\",\"dateModified\":\"2017-06-27T16:35:35+00:00\",\"mainEntityOfPage\":{\"@id\":\"https:\/\/cgtcemp.fr\/index.php\/2017\/06\/26\/cemp-tout-va-bien-mais-on-ferme\/\"},\"wordCount\":471,\"commentCount\":0,\"publisher\":{\"@id\":\"https:\/\/cgtcemp.fr\/#organization\"},\"inLanguage\":\"fr-FR\",\"potentialAction\":[{\"@type\":\"CommentAction\",\"name\":\"Comment\",\"target\":[\"https:\/\/cgtcemp.fr\/index.php\/2017\/06\/26\/cemp-tout-va-bien-mais-on-ferme\/#respond\"]}]},{\"@type\":\"WebPage\",\"@id\":\"https:\/\/cgtcemp.fr\/index.php\/2017\/06\/26\/cemp-tout-va-bien-mais-on-ferme\/\",\"url\":\"https:\/\/cgtcemp.fr\/index.php\/2017\/06\/26\/cemp-tout-va-bien-mais-on-ferme\/\",\"name\":\"CEMP : Tout va bien...mais on ferme ! &ndash; UGICT-CGT CEMP\",\"isPartOf\":{\"@id\":\"https:\/\/cgtcemp.fr\/#website\"},\"datePublished\":\"2017-06-26T08:51:53+00:00\",\"dateModified\":\"2017-06-27T16:35:35+00:00\",\"breadcrumb\":{\"@id\":\"https:\/\/cgtcemp.fr\/index.php\/2017\/06\/26\/cemp-tout-va-bien-mais-on-ferme\/#breadcrumb\"},\"inLanguage\":\"fr-FR\",\"potentialAction\":[{\"@type\":\"ReadAction\",\"target\":[\"https:\/\/cgtcemp.fr\/index.php\/2017\/06\/26\/cemp-tout-va-bien-mais-on-ferme\/\"]}]},{\"@type\":\"BreadcrumbList\",\"@id\":\"https:\/\/cgtcemp.fr\/index.php\/2017\/06\/26\/cemp-tout-va-bien-mais-on-ferme\/#breadcrumb\",\"itemListElement\":[{\"@type\":\"ListItem\",\"position\":1,\"name\":\"Accueil\",\"item\":\"https:\/\/cgtcemp.fr\/\"},{\"@type\":\"ListItem\",\"position\":2,\"name\":\"CEMP : Tout va bien&#8230;mais on ferme !\"}]},{\"@type\":\"WebSite\",\"@id\":\"https:\/\/cgtcemp.fr\/#website\",\"url\":\"https:\/\/cgtcemp.fr\/\",\"name\":\"UGICT-CGT CEMP\",\"description\":\"Syndicat Cadres et Techniciens de la Caisse d&#039;Epargne Midi-Pyr\u00e9n\u00e9es\",\"publisher\":{\"@id\":\"https:\/\/cgtcemp.fr\/#organization\"},\"potentialAction\":[{\"@type\":\"SearchAction\",\"target\":{\"@type\":\"EntryPoint\",\"urlTemplate\":\"https:\/\/cgtcemp.fr\/?s={search_term_string}\"},\"query-input\":\"required name=search_term_string\"}],\"inLanguage\":\"fr-FR\"},{\"@type\":\"Organization\",\"@id\":\"https:\/\/cgtcemp.fr\/#organization\",\"name\":\"CGTCEMP\",\"url\":\"https:\/\/cgtcemp.fr\/\",\"logo\":{\"@type\":\"ImageObject\",\"inLanguage\":\"fr-FR\",\"@id\":\"https:\/\/cgtcemp.fr\/#\/schema\/logo\/image\/\",\"url\":\"https:\/\/cgtcemp.fr\/wp-content\/uploads\/2019\/05\/unnamed.png\",\"contentUrl\":\"https:\/\/cgtcemp.fr\/wp-content\/uploads\/2019\/05\/unnamed.png\",\"width\":237,\"height\":162,\"caption\":\"CGTCEMP\"},\"image\":{\"@id\":\"https:\/\/cgtcemp.fr\/#\/schema\/logo\/image\/\"},\"sameAs\":[\"https:\/\/www.facebook.com\/cgt.cemp\/?ref=aymt_homepage_panel&amp;amp;amp;amp;amp;amp;amp;amp;amp;amp;amp;amp;amp;amp;amp;amp;amp;amp;amp;amp;amp;amp;amp;amp;amp;eid=ARBQr8XhOjp5Tq4trUkGP2Pa21bM89bHimJF7lyAgDrZ4-IMs61LsmU6wm7cAVLt_A6L-b9moydbo1xu\",\"https:\/\/twitter.com\/CGTCEMP\"]},{\"@type\":\"Person\",\"@id\":\"https:\/\/cgtcemp.fr\/#\/schema\/person\/22b456dee38589646cc35a978b7966c4\",\"name\":\"Pierre-Tanguy\",\"image\":{\"@type\":\"ImageObject\",\"inLanguage\":\"fr-FR\",\"@id\":\"https:\/\/cgtcemp.fr\/#\/schema\/person\/image\/\",\"url\":\"https:\/\/secure.gravatar.com\/avatar\/0b7330e81a50d08f024583b3fa7045d1?s=96&r=g\",\"contentUrl\":\"https:\/\/secure.gravatar.com\/avatar\/0b7330e81a50d08f024583b3fa7045d1?s=96&r=g\",\"caption\":\"Pierre-Tanguy\"}}]}<\/script>\n<!-- \/ Yoast SEO plugin. -->","yoast_head_json":{"title":"CEMP : Tout va bien...mais on ferme ! &ndash; UGICT-CGT CEMP","robots":{"index":"index","follow":"follow","max-snippet":"max-snippet:-1","max-image-preview":"max-image-preview:large","max-video-preview":"max-video-preview:-1"},"canonical":"https:\/\/cgtcemp.fr\/index.php\/2017\/06\/26\/cemp-tout-va-bien-mais-on-ferme\/","og_locale":"fr_FR","og_type":"article","og_title":"CEMP : Tout va bien...mais on ferme ! &ndash; UGICT-CGT CEMP","og_description":"En Juin 2016, la Direction CEMP annon\u00e7ait des temps difficiles pour la CEMP avec des pertes de \u00ab\u00a0revenus\u00a0\u00bb qui pourraient atteindre pour les 5 ans \u00e0 venir 40 \u00e0 50 M\u20ac. Elle pr\u00e9sente, en Novembre 2016, au comit\u00e9 le projet trajectoire 2020 qui pr\u00e9voit 35 fermetures d\u2019agences (apr\u00e8s les 20 d\u00e9j\u00e0 ferm\u00e9es pr\u00e9c\u00e9demment) et 120 ETP de moins sur le cycle 2018-2020. Lors du dernier comit\u00e9 d\u2019entreprise, l\u2019expert \u00e9conomique du comit\u00e9 pr\u00e9sentait les comptes 2016 de la CEMP et le budget pr\u00e9visionnel 2017. Tout va tr\u00e8s bien\u00a0! Mais alors \u2026pourquoi fermer des agences et r\u00e9duire les ETP ?\u00a0 Pourquoi faire ? \u00a0 Constat de l\u2019expert au compte\u00a0: Tout va pour le mieux\u00a0! Les r\u00e9sultats de la CEMP 2016 sont excellents,","og_url":"https:\/\/cgtcemp.fr\/index.php\/2017\/06\/26\/cemp-tout-va-bien-mais-on-ferme\/","og_site_name":"UGICT-CGT CEMP","article_publisher":"https:\/\/www.facebook.com\/cgt.cemp\/?ref=aymt_homepage_panel&amp%3bamp%3bamp%3bamp%3bamp%3bamp%3bamp%3bamp%3bamp%3bamp%3bamp%3bamp%3bamp%3bamp%3bamp%3bamp%3bamp%3bamp%3bamp%3bamp%3bamp%3bamp%3bamp%3bamp%3bamp%3beid=ARBQr8XhOjp5Tq4trUkGP2Pa21bM89bHimJF7lyAgDrZ4-IMs61LsmU6wm7cAVLt_A6L-b9moydbo1xu","article_published_time":"2017-06-26T08:51:53+00:00","article_modified_time":"2017-06-27T16:35:35+00:00","og_image":[{"width":300,"height":286,"url":"https:\/\/cgtcemp.fr\/wp-content\/uploads\/2017\/06\/burn-out.gif","type":"image\/gif"}],"author":"Pierre-Tanguy","twitter_card":"summary_large_image","twitter_creator":"@CGTCEMP","twitter_site":"@CGTCEMP","twitter_misc":{"\u00c9crit par":"Pierre-Tanguy","Dur\u00e9e de lecture estim\u00e9e":"2 minutes"},"schema":{"@context":"https:\/\/schema.org","@graph":[{"@type":"Article","@id":"https:\/\/cgtcemp.fr\/index.php\/2017\/06\/26\/cemp-tout-va-bien-mais-on-ferme\/#article","isPartOf":{"@id":"https:\/\/cgtcemp.fr\/index.php\/2017\/06\/26\/cemp-tout-va-bien-mais-on-ferme\/"},"author":{"name":"Pierre-Tanguy","@id":"https:\/\/cgtcemp.fr\/#\/schema\/person\/22b456dee38589646cc35a978b7966c4"},"headline":"CEMP : Tout va bien&#8230;mais on ferme !","datePublished":"2017-06-26T08:51:53+00:00","dateModified":"2017-06-27T16:35:35+00:00","mainEntityOfPage":{"@id":"https:\/\/cgtcemp.fr\/index.php\/2017\/06\/26\/cemp-tout-va-bien-mais-on-ferme\/"},"wordCount":471,"commentCount":0,"publisher":{"@id":"https:\/\/cgtcemp.fr\/#organization"},"inLanguage":"fr-FR","potentialAction":[{"@type":"CommentAction","name":"Comment","target":["https:\/\/cgtcemp.fr\/index.php\/2017\/06\/26\/cemp-tout-va-bien-mais-on-ferme\/#respond"]}]},{"@type":"WebPage","@id":"https:\/\/cgtcemp.fr\/index.php\/2017\/06\/26\/cemp-tout-va-bien-mais-on-ferme\/","url":"https:\/\/cgtcemp.fr\/index.php\/2017\/06\/26\/cemp-tout-va-bien-mais-on-ferme\/","name":"CEMP : Tout va bien...mais on ferme ! &ndash; UGICT-CGT CEMP","isPartOf":{"@id":"https:\/\/cgtcemp.fr\/#website"},"datePublished":"2017-06-26T08:51:53+00:00","dateModified":"2017-06-27T16:35:35+00:00","breadcrumb":{"@id":"https:\/\/cgtcemp.fr\/index.php\/2017\/06\/26\/cemp-tout-va-bien-mais-on-ferme\/#breadcrumb"},"inLanguage":"fr-FR","potentialAction":[{"@type":"ReadAction","target":["https:\/\/cgtcemp.fr\/index.php\/2017\/06\/26\/cemp-tout-va-bien-mais-on-ferme\/"]}]},{"@type":"BreadcrumbList","@id":"https:\/\/cgtcemp.fr\/index.php\/2017\/06\/26\/cemp-tout-va-bien-mais-on-ferme\/#breadcrumb","itemListElement":[{"@type":"ListItem","position":1,"name":"Accueil","item":"https:\/\/cgtcemp.fr\/"},{"@type":"ListItem","position":2,"name":"CEMP : Tout va bien&#8230;mais on ferme !"}]},{"@type":"WebSite","@id":"https:\/\/cgtcemp.fr\/#website","url":"https:\/\/cgtcemp.fr\/","name":"UGICT-CGT CEMP","description":"Syndicat Cadres et Techniciens de la Caisse d&#039;Epargne Midi-Pyr\u00e9n\u00e9es","publisher":{"@id":"https:\/\/cgtcemp.fr\/#organization"},"potentialAction":[{"@type":"SearchAction","target":{"@type":"EntryPoint","urlTemplate":"https:\/\/cgtcemp.fr\/?s={search_term_string}"},"query-input":"required name=search_term_string"}],"inLanguage":"fr-FR"},{"@type":"Organization","@id":"https:\/\/cgtcemp.fr\/#organization","name":"CGTCEMP","url":"https:\/\/cgtcemp.fr\/","logo":{"@type":"ImageObject","inLanguage":"fr-FR","@id":"https:\/\/cgtcemp.fr\/#\/schema\/logo\/image\/","url":"https:\/\/cgtcemp.fr\/wp-content\/uploads\/2019\/05\/unnamed.png","contentUrl":"https:\/\/cgtcemp.fr\/wp-content\/uploads\/2019\/05\/unnamed.png","width":237,"height":162,"caption":"CGTCEMP"},"image":{"@id":"https:\/\/cgtcemp.fr\/#\/schema\/logo\/image\/"},"sameAs":["https:\/\/www.facebook.com\/cgt.cemp\/?ref=aymt_homepage_panel&amp;amp;amp;amp;amp;amp;amp;amp;amp;amp;amp;amp;amp;amp;amp;amp;amp;amp;amp;amp;amp;amp;amp;amp;amp;eid=ARBQr8XhOjp5Tq4trUkGP2Pa21bM89bHimJF7lyAgDrZ4-IMs61LsmU6wm7cAVLt_A6L-b9moydbo1xu","https:\/\/twitter.com\/CGTCEMP"]},{"@type":"Person","@id":"https:\/\/cgtcemp.fr\/#\/schema\/person\/22b456dee38589646cc35a978b7966c4","name":"Pierre-Tanguy","image":{"@type":"ImageObject","inLanguage":"fr-FR","@id":"https:\/\/cgtcemp.fr\/#\/schema\/person\/image\/","url":"https:\/\/secure.gravatar.com\/avatar\/0b7330e81a50d08f024583b3fa7045d1?s=96&r=g","contentUrl":"https:\/\/secure.gravatar.com\/avatar\/0b7330e81a50d08f024583b3fa7045d1?s=96&r=g","caption":"Pierre-Tanguy"}}]}},"_links":{"self":[{"href":"https:\/\/cgtcemp.fr\/index.php\/wp-json\/wp\/v2\/posts\/625"}],"collection":[{"href":"https:\/\/cgtcemp.fr\/index.php\/wp-json\/wp\/v2\/posts"}],"about":[{"href":"https:\/\/cgtcemp.fr\/index.php\/wp-json\/wp\/v2\/types\/post"}],"author":[{"embeddable":true,"href":"https:\/\/cgtcemp.fr\/index.php\/wp-json\/wp\/v2\/users\/6"}],"replies":[{"embeddable":true,"href":"https:\/\/cgtcemp.fr\/index.php\/wp-json\/wp\/v2\/comments?post=625"}],"version-history":[{"count":5,"href":"https:\/\/cgtcemp.fr\/index.php\/wp-json\/wp\/v2\/posts\/625\/revisions"}],"predecessor-version":[{"id":645,"href":"https:\/\/cgtcemp.fr\/index.php\/wp-json\/wp\/v2\/posts\/625\/revisions\/645"}],"wp:featuredmedia":[{"embeddable":true,"href":"https:\/\/cgtcemp.fr\/index.php\/wp-json\/wp\/v2\/media\/627"}],"wp:attachment":[{"href":"https:\/\/cgtcemp.fr\/index.php\/wp-json\/wp\/v2\/media?parent=625"}],"wp:term":[{"taxonomy":"category","embeddable":true,"href":"https:\/\/cgtcemp.fr\/index.php\/wp-json\/wp\/v2\/categories?post=625"},{"taxonomy":"post_tag","embeddable":true,"href":"https:\/\/cgtcemp.fr\/index.php\/wp-json\/wp\/v2\/tags?post=625"}],"curies":[{"name":"wp","href":"https:\/\/api.w.org\/{rel}","templated":true}]}}